{"id":361,"date":"2021-10-25T14:42:03","date_gmt":"2021-10-25T11:42:03","guid":{"rendered":"http:\/\/www.muinaismuistoyhdistys.fi\/uudetsivut\/?p=361"},"modified":"2023-06-09T11:31:58","modified_gmt":"2023-06-09T08:31:58","slug":"tekoalyn-taitaa","status":"publish","type":"post","link":"https:\/\/www.muinaismuistoyhdistys.fi\/index.php\/2021\/10\/25\/tekoalyn-taitaa\/","title":{"rendered":"Blogi k\u00e4ynnistyy!"},"content":{"rendered":"\n<p>Pari vuotta sitten Suomen Muinaismuistoyhdistyksen johtokunnassa syntyi ajatus blogista, joka tarjoaisi sek\u00e4 v\u00e4yl\u00e4n esitell\u00e4 yhdistyksen toimintaa ett\u00e4 tilaisuuden kulttuuriperinn\u00f6st\u00e4 kiinnostuneille esitell\u00e4 sulkakyn\u00e4ns\u00e4 ter\u00e4vyytt\u00e4. Nyt uusien verkkosivujen my\u00f6t\u00e4 ajatus on muuttumassa todeksi. Muikkari-blogin nimi juontuu ensisijaisesti yhdistyksen lempinimest\u00e4, mutta yht\u00e4 lailla &#8220;muikkari&#8221; voi olla my\u00f6s kouluvuosilta tuttu muistutus. Muistutus kulttuuriperinn\u00f6n t\u00e4rkeydest\u00e4, sit\u00e4 kohtaavista haasteista tai sen tarjoamista mahdollisuuksista.<\/p>\n\n\n\n<figure class=\"wp-block-image size-large\"><img decoding=\"async\" loading=\"lazy\" width=\"1024\" height=\"683\" src=\"http:\/\/www.muinaismuistoyhdistys.fi\/wp-content\/uploads\/2021\/04\/pexels-pixabay-51343-1024x683.jpg\" alt=\"\" class=\"wp-image-281\" srcset=\"https:\/\/www.muinaismuistoyhdistys.fi\/wp-content\/uploads\/2021\/04\/pexels-pixabay-51343-1024x683.jpg 1024w, https:\/\/www.muinaismuistoyhdistys.fi\/wp-content\/uploads\/2021\/04\/pexels-pixabay-51343-300x200.jpg 300w, https:\/\/www.muinaismuistoyhdistys.fi\/wp-content\/uploads\/2021\/04\/pexels-pixabay-51343-768x512.jpg 768w, https:\/\/www.muinaismuistoyhdistys.fi\/wp-content\/uploads\/2021\/04\/pexels-pixabay-51343-1536x1024.jpg 1536w, https:\/\/www.muinaismuistoyhdistys.fi\/wp-content\/uploads\/2021\/04\/pexels-pixabay-51343-2048x1365.jpg 2048w\" sizes=\"(max-width: 1024px) 100vw, 1024px\" \/><\/figure>\n\n\n\n<p>Muikkarin tarkoituksena on olla tiedotuskanava, jossa sana on vapaa mutta pakollinen. T\u00e4st\u00e4 syyst\u00e4 emme my\u00f6sk\u00e4\u00e4n halua juuttua liikaa sanam\u00e4\u00e4riin tai aiheisiin.  Blogissa julkaistaan niin puheenvuoroja, n\u00e4yttely- ja kirja-arvioita kuin opinn\u00e4ytteisiin pohjautuvia lyhyit\u00e4 artikkeleitakin. Mik\u00e4li olet kiinnostunut julkaisemaan blogissa, ota rohkeasti yhteytt\u00e4 viestint\u00e4koordinaattori Suvi Toivaseen, suvi.toivanen(at)helsinki.fi. <\/p>\n","protected":false},"excerpt":{"rendered":"<p>Pari vuotta sitten Suomen Muinaismuistoyhdistyksen johtokunnassa syntyi ajatus blogista, joka tarjoaisi sek\u00e4 v\u00e4yl\u00e4n esitell\u00e4 yhdistyksen toimintaa ett\u00e4 tilaisuuden kulttuuriperinn\u00f6st\u00e4 kiinnostuneille esitell\u00e4 sulkakyn\u00e4ns\u00e4 ter\u00e4vyytt\u00e4. Nyt uusien verkkosivujen my\u00f6t\u00e4 ajatus on muuttumassa todeksi. Muikkari-blogin nimi juontuu ensisijaisesti yhdistyksen lempinimest\u00e4, mutta yht\u00e4 lailla &#8220;muikkari&#8221; voi olla my\u00f6s kouluvuosilta tuttu muistutus. Muistutus kulttuuriperinn\u00f6n t\u00e4rkeydest\u00e4, sit\u00e4 kohtaavista haasteista tai sen [&hellip;]<\/p>\n","protected":false},"author":4,"featured_media":0,"comment_status":"closed","ping_status":"closed","sticky":false,"template":"","format":"standard","meta":[],"categories":[1],"tags":[],"jetpack_featured_media_url":"","_links":{"self":[{"href":"https:\/\/www.muinaismuistoyhdistys.fi\/index.php\/wp-json\/wp\/v2\/posts\/361"}],"collection":[{"href":"https:\/\/www.muinaismuistoyhdistys.fi\/index.php\/wp-json\/wp\/v2\/posts"}],"about":[{"href":"https:\/\/www.muinaismuistoyhdistys.fi\/index.php\/wp-json\/wp\/v2\/types\/post"}],"author":[{"embeddable":true,"href":"https:\/\/www.muinaismuistoyhdistys.fi\/index.php\/wp-json\/wp\/v2\/users\/4"}],"replies":[{"embeddable":true,"href":"https:\/\/www.muinaismuistoyhdistys.fi\/index.php\/wp-json\/wp\/v2\/comments?post=361"}],"version-history":[{"count":6,"href":"https:\/\/www.muinaismuistoyhdistys.fi\/index.php\/wp-json\/wp\/v2\/posts\/361\/revisions"}],"predecessor-version":[{"id":829,"href":"https:\/\/www.muinaismuistoyhdistys.fi\/index.php\/wp-json\/wp\/v2\/posts\/361\/revisions\/829"}],"wp:attachment":[{"href":"https:\/\/www.muinaismuistoyhdistys.fi\/index.php\/wp-json\/wp\/v2\/media?parent=361"}],"wp:term":[{"taxonomy":"category","embeddable":true,"href":"https:\/\/www.muinaismuistoyhdistys.fi\/index.php\/wp-json\/wp\/v2\/categories?post=361"},{"taxonomy":"post_tag","embeddable":true,"href":"https:\/\/www.muinaismuistoyhdistys.fi\/index.php\/wp-json\/wp\/v2\/tags?post=361"}],"curies":[{"name":"wp","href":"https:\/\/api.w.org\/{rel}","templated":true}]}}