{"id":1501,"date":"2025-06-05T18:37:55","date_gmt":"2025-06-05T15:37:55","guid":{"rendered":"https:\/\/www.muinaismuistoyhdistys.fi\/?p=1501"},"modified":"2025-06-11T00:53:40","modified_gmt":"2025-06-10T21:53:40","slug":"suomen-muinaismuistosaatio-on-perustanut-asikkalaan-luonnonsuojelualueen","status":"publish","type":"post","link":"https:\/\/www.muinaismuistoyhdistys.fi\/index.php\/2025\/06\/05\/suomen-muinaismuistosaatio-on-perustanut-asikkalaan-luonnonsuojelualueen\/","title":{"rendered":"Suomen Muinaismuistos\u00e4\u00e4ti\u00f6 on perustanut Asikkalaan luonnonsuojelualueen"},"content":{"rendered":"\n<p><em>Suomen Muinaismuistoyhdistyksen taustalla toimiva Suomen Muinaismuistos\u00e4\u00e4ti\u00f6 on perustanut omistamalleen mets\u00e4palstalle Asikkalan Uraj\u00e4rven pohjoisrannalle METSO-ohjelmaan kuuluvan Hugonmaan luonnonsuojelualueen. Ohjelma suojelee luonnonarvoiltaan monipuolisia ja eli\u00f6lajien elinymp\u00e4rist\u00f6in\u00e4 erityisen arvokkaita metsi\u00e4. T\u00e4ll\u00e4 konkreettisella teolla s\u00e4\u00e4ti\u00f6 haluaa muistuttaa, ett\u00e4 oikeus el\u00e4\u00e4 rauhassa ulottuu my\u00f6s ihmisyyden ulkopuolelle \u2013 niihin moninaisiin ja monilajisiin yhteis\u00f6ihin, jotka pit\u00e4v\u00e4t el\u00e4m\u00e4\u00e4 yll\u00e4.<\/em><\/p>\n\n\n\n<p>Uraj\u00e4rven maaseutukartanoa hallinneet naimattomat sisarukset <em>Lilly von Heideman<\/em> (1849\u20131917) ja <em>Hugo von Heideman<\/em> (1851\u20131915) testamenttasivat vuonna 1917 kotikartanonsa<a href=\"https:\/\/www.muinaismuistoyhdistys.fi\/index.php\/historia\/1870-2\/\"> <\/a><a href=\"https:\/\/www.muinaismuistoyhdistys.fi\/index.php\/historia\/1870-2\/\">Suomen Muinaismuistoyhdistykselle<\/a>, jotta yhdistys yll\u00e4pit\u00e4isi suvun muistoa ja kulttuurihistoriallisesti arvokasta omaisuutta lahjoittajien aatteiden mukaisesti. 1600-luvulla s\u00e4teriratsutilana perustettuun kartanoon kuului aikoinaan useita tuhansia hehtaareita maata Uraj\u00e4rven ymp\u00e4rilt\u00e4, mutta tilukset pieneniv\u00e4t lukuisissa perinn\u00f6njaoissa.<\/p>\n\n\n\n<p>Erin\u00e4isten j\u00e4rjestelyiden ja vaiheiden j\u00e4lkeen Muinaismuistoyhdistys luovutti kartanon sek\u00e4 siihen kuuluvan \u201dkotipalstan\u201d vuonna 1986 Museovirastolle. Sittemmin Uraj\u00e4rven kartano p\u00e4\u00e4tyi valtion liikelaitos Senaatti-kiinteist\u00f6ille, joka laittoi sen myyntiin. Kun sopivia ostajia ei ilmaantunut, yksityisten henkil\u00f6iden perustama yhdistys, <em>Uraj\u00e4rven kartanon yst\u00e4v\u00e4t<\/em> otti museona avatun kartanon hoitaakseen. Muinaismuistoyhdistyksen omistukseen j\u00e4i kuitenkin 85 hehtaarin mets\u00e4palsta Uraj\u00e4rven pohjoisp\u00e4\u00e4ss\u00e4, Museonkangas, joka muodostaa vuonna 2013 yhdistyksen tueksi perustetun<a href=\"https:\/\/muinaismuistosaatio.fi\/historia\/\"> <\/a><a href=\"https:\/\/muinaismuistosaatio.fi\/historia\/\">Suomen Muinaismuistos\u00e4\u00e4ti\u00f6n<\/a> perusp\u00e4\u00e4oman.<\/p>\n\n\n\n<p>S\u00e4\u00e4ti\u00f6 on Museonkankaan mets\u00e4palstan myynti- ja sijoitustuotoilla jakanut vuodesta 2015 l\u00e4htien apurahoja arkeologiseen, kansatieteelliseen\/etnologiseen, museologiseen ja taidehistorialliseen julkaisutoimintaan. Hugonmaan luonnonsuojelualueesta saatu 39 800 euron korvaus lis\u00e4ttiin s\u00e4\u00e4ti\u00f6n sijoitussalkkuun, mutta suojelualueen omistajuus s\u00e4ilyi s\u00e4\u00e4ti\u00f6ll\u00e4<a href=\"https:\/\/ym.fi\/metso-metsiensuojeluohjelma\"> METSO-ohjelman<\/a> periaatteiden mukaisesti. Luonnonsuojelualue rajautuu Natura-alueeseen Uraj\u00e4rvi (77388).<\/p>\n\n\n\n<figure class=\"wp-block-image size-full\"><img decoding=\"async\" loading=\"lazy\" width=\"1000\" height=\"849\" src=\"https:\/\/www.muinaismuistoyhdistys.fi\/wp-content\/uploads\/2025\/06\/Kuva-1-Hugonmaa-kartalla.jpg\" alt=\"\" class=\"wp-image-1502\" srcset=\"https:\/\/www.muinaismuistoyhdistys.fi\/wp-content\/uploads\/2025\/06\/Kuva-1-Hugonmaa-kartalla.jpg 1000w, https:\/\/www.muinaismuistoyhdistys.fi\/wp-content\/uploads\/2025\/06\/Kuva-1-Hugonmaa-kartalla-300x255.jpg 300w, https:\/\/www.muinaismuistoyhdistys.fi\/wp-content\/uploads\/2025\/06\/Kuva-1-Hugonmaa-kartalla-768x652.jpg 768w, https:\/\/www.muinaismuistoyhdistys.fi\/wp-content\/uploads\/2025\/06\/Kuva-1-Hugonmaa-kartalla-676x574.jpg 676w\" sizes=\"(max-width: 1000px) 100vw, 1000px\" \/><figcaption class=\"wp-element-caption\"><em>Kuva 1. Hugonmaan suojelualue rasteroituna kartalla.<\/em><\/figcaption><\/figure>\n\n\n\n<p>Kolme hehtaaria kattava suojelualue t\u00e4ytti METSO-ohjelman kriteerit monimuotoisuudelle merkitt\u00e4v\u00e4n\u00e4, luonnontilaisen kaltaisena ja kohtalaisen lahopuustoisena kangasmets\u00e4n\u00e4 sek\u00e4 pienveden ymp\u00e4rist\u00f6st\u00e4 erottuvana luhtaisena ja lehtipuuvaltaisena l\u00e4hiymp\u00e4rist\u00f6n\u00e4. Uraj\u00e4rven rannassa kallioinen ja m\u00e4ntypuustoinen ala t\u00e4ydent\u00e4\u00e4 elinymp\u00e4rist\u00f6jen kokonaisuutta. P\u00e4\u00e4osin suojelualue kasvaa yli 90-vuotiasta kuusipuustoa, joka on ollut pitk\u00e4\u00e4n mets\u00e4nk\u00e4sittelyjen ulkopuolella.<\/p>\n\n\n\n<figure class=\"wp-block-image size-full\"><img decoding=\"async\" loading=\"lazy\" width=\"480\" height=\"506\" src=\"https:\/\/www.muinaismuistoyhdistys.fi\/wp-content\/uploads\/2025\/06\/Kuva-2-Lahopuuta-kuvion-30-rantametsassa-AQ.jpeg\" alt=\"\" class=\"wp-image-1503\" srcset=\"https:\/\/www.muinaismuistoyhdistys.fi\/wp-content\/uploads\/2025\/06\/Kuva-2-Lahopuuta-kuvion-30-rantametsassa-AQ.jpeg 480w, https:\/\/www.muinaismuistoyhdistys.fi\/wp-content\/uploads\/2025\/06\/Kuva-2-Lahopuuta-kuvion-30-rantametsassa-AQ-285x300.jpeg 285w\" sizes=\"(max-width: 480px) 100vw, 480px\" \/><figcaption class=\"wp-element-caption\"><em>Kuva 2. Lahopuuta rantamets\u00e4ss\u00e4. Kuva: Anne Quarshie.<\/em><\/figcaption><\/figure>\n\n\n\n<p>Ajatus suojelualueesta alkoi it\u00e4\u00e4 kes\u00e4kuussa 2023, kun osa s\u00e4\u00e4ti\u00f6n hallituksesta sek\u00e4 Muinaismuistoyhdistyksen johtokunnasta vieraili paikan p\u00e4\u00e4ll\u00e4 Uraj\u00e4rvell\u00e4. Hanke sai vauhtia uutisista, joiden mukaan Suomen tulkinta <a href=\"https:\/\/environment.ec.europa.eu\/strategy\/biodiversity-strategy-2030_en\">EU:n biodiversiteettistrategiasta vuoteen 2030<\/a> kirist\u00e4isi metsien kansalliset suojelukriteerit niin tiukoiksi, ettei Etel\u00e4-Suomesta l\u00f6ytyisi en\u00e4\u00e4 suojeltavia \u201dsatumetsi\u00e4\u201d. Hallinto-oikeus enn\u00e4ttikin vahvistaa Hugonmaan luonnonsuojelualueen perustamisen lokakuussa 2024, hyviss\u00e4 ajoin ennen kuin<a href=\"https:\/\/yle.fi\/a\/74-20150797\"> <\/a><a href=\"https:\/\/yle.fi\/a\/74-20150797\">Orpon hallitus p\u00e4\u00e4tti metsien ik\u00e4\u00e4 ja lahopuun m\u00e4\u00e4r\u00e4\u00e4 koskevista aiempaa tiukemmista raja-arvoista maaliskuussa 2025<\/a> Suomen ymp\u00e4rist\u00f6keskuksen (SYKE), tiedeyhteis\u00f6n ja opposition laajamittaisesta vastustuksesta v\u00e4litt\u00e4m\u00e4tt\u00e4.<em><\/em><\/p>\n\n\n\n<p>Samalla kun me s\u00e4\u00e4ti\u00f6n nykyisess\u00e4 hallituksessa olemme perehtyneet parhaan kykymme mukaan suojelun edellytyksiin, on mets\u00e4luontoa koskevaa julkista keskustelua v\u00e4ritt\u00e4nyt yht\u00e4\u00e4lt\u00e4 <a href=\"https:\/\/yle.fi\/a\/74-20107240\">Hukkajoen raakkujen joukkotuhon <\/a>synnytt\u00e4m\u00e4 suru, mutta toisaalta my\u00f6s tutkimustiedon j\u00e4rjestelm\u00e4llinen sivuuttaminen ja suoranainen v\u00e4\u00e4ristely poliittisessa p\u00e4\u00e4t\u00f6ksenteossa. Metsien monimuotoisuuden sijaan p\u00e4\u00e4tt\u00e4j\u00e4t vaikuttavat suojelevan ennemmin eturyhmiens\u00e4 taloudellisia intressej\u00e4 sek\u00e4 ihmiskeskeist\u00e4 oikeutta hy\u00f6ty\u00e4 luonnosta muiden elollisten kustannuksella.<\/p>\n\n\n\n<p>Luonnonsuojelualueen perustaminen on yhdenlainen vastaus kysymykseen siit\u00e4, kuinka vaalia parhaiten sek\u00e4 Muinaismuistos\u00e4\u00e4ti\u00f6n tarkoitusta ett\u00e4 p\u00e4\u00e4omaa. S\u00e4\u00e4ti\u00f6n hallitus ei ole vastuussa ainoastaan s\u00e4\u00e4ti\u00f6\u00f6n kytkeytyv\u00e4lle tiedeyhteis\u00f6lle ja tutkimusaloille, vaan my\u00f6s Uraj\u00e4rven paikallisille yhteis\u00f6ille sek\u00e4 perustavanlaatuisesti yhteen kietoutuville elollisten rihmastoille. Hy\u00f6dynn\u00e4mme s\u00e4\u00e4ti\u00f6n \u201domistamaa\u201d luontoa tuskallisen tietoisina siit\u00e4, ett\u00e4 se ei kuulu pelk\u00e4st\u00e4\u00e4n ihmisille tai nyt el\u00e4vien sukupolville.<\/p>\n\n\n\n<p>Tarkoituksena on jatkossakin saada mets\u00e4palstasta rahallista tuottoa, mutta sellaisilla jatkuvan kasvatuksen menetelmill\u00e4, jotka kajoavat mahdollisimman v\u00e4h\u00e4n alueen kasvien, el\u00e4inten ja elottoman luonnon muodostamiin ekosysteemeihin. Aiomme varjella rantametsi\u00e4 hakkuilta my\u00f6s suojelualueen ulkopuolella, eik\u00e4 avohakkuu kuulu en\u00e4\u00e4 mets\u00e4nhoidon keinovalikoimaan s\u00e4\u00e4ti\u00f6n omistamissa metsiss\u00e4. Puukaupan lis\u00e4ksi s\u00e4\u00e4ti\u00f6 saattaa tulevaisuudessa ansaita tuloa vaikkapa pakurinviljelyst\u00e4 tai pihkan keruusta.<\/p>\n\n\n\n<figure class=\"wp-block-image size-large\"><img decoding=\"async\" loading=\"lazy\" width=\"1024\" height=\"734\" src=\"https:\/\/www.muinaismuistoyhdistys.fi\/wp-content\/uploads\/2025\/06\/Kuva-3.-Suojelualueen-edustalla-oleva-lahti-talvisessa-asussa-Anne-Quarshie-2024-1024x734.jpeg\" alt=\"\" class=\"wp-image-1504\" srcset=\"https:\/\/www.muinaismuistoyhdistys.fi\/wp-content\/uploads\/2025\/06\/Kuva-3.-Suojelualueen-edustalla-oleva-lahti-talvisessa-asussa-Anne-Quarshie-2024-1024x734.jpeg 1024w, https:\/\/www.muinaismuistoyhdistys.fi\/wp-content\/uploads\/2025\/06\/Kuva-3.-Suojelualueen-edustalla-oleva-lahti-talvisessa-asussa-Anne-Quarshie-2024-300x215.jpeg 300w, https:\/\/www.muinaismuistoyhdistys.fi\/wp-content\/uploads\/2025\/06\/Kuva-3.-Suojelualueen-edustalla-oleva-lahti-talvisessa-asussa-Anne-Quarshie-2024-768x551.jpeg 768w, https:\/\/www.muinaismuistoyhdistys.fi\/wp-content\/uploads\/2025\/06\/Kuva-3.-Suojelualueen-edustalla-oleva-lahti-talvisessa-asussa-Anne-Quarshie-2024-1536x1101.jpeg 1536w, https:\/\/www.muinaismuistoyhdistys.fi\/wp-content\/uploads\/2025\/06\/Kuva-3.-Suojelualueen-edustalla-oleva-lahti-talvisessa-asussa-Anne-Quarshie-2024-2048x1468.jpeg 2048w, https:\/\/www.muinaismuistoyhdistys.fi\/wp-content\/uploads\/2025\/06\/Kuva-3.-Suojelualueen-edustalla-oleva-lahti-talvisessa-asussa-Anne-Quarshie-2024-676x485.jpeg 676w\" sizes=\"(max-width: 1024px) 100vw, 1024px\" \/><figcaption class=\"wp-element-caption\"><em>Kuva 3. Hugonmaan luonnonsuojelualueen rantaa talvisessa asussa kuvattuna Uraj\u00e4rven j\u00e4\u00e4lt\u00e4. Kuva: Anne Quarshie.<\/em><\/figcaption><\/figure>\n\n\n\n<p>Mets\u00e4omaisuuden hoitajina me humanistit olemme ajoittain tunteneet eksyneemme tuntemattomiin korpiin. Ymm\u00e4rsimme nopeasti, ett\u00e4 tarvitsemme tueksemme monipuolisia n\u00e4kemyksi\u00e4, asiantuntemuksia ja tietoja. Kiit\u00e4mme l\u00e4mpim\u00e4sti <a href=\"https:\/\/www.plups.fi\/\">Paremman Luonnon Puolesta -S\u00e4\u00e4ti\u00f6n (PLUPS)<\/a> toiminnanjohtaja Niko Nappua, Turun yliopiston apulaisprofessori Anne Quarshie\u2019ta, Jyv\u00e4skyl\u00e4n yliopiston <a href=\"https:\/\/www.jyu.fi\/fi\/tutkimus\/wisdom\">JYU.Wisdom -resurssiviisausyhteis\u00f6n<\/a> ja H\u00e4meen ELY-keskuksen asiantuntijoita sek\u00e4 kaikkia suojelualueen synnytyksess\u00e4 auttaneita ihmisi\u00e4.<\/p>\n\n\n\n<p>Oma hapuilumme mets\u00e4nhoidon hetteik\u00f6iss\u00e4 on osaltaan havainnollistanut tiedon paikantunutta olemusta ja riippuvaisuutta tarkoituksesta, jota se pyrkii t\u00e4ytt\u00e4m\u00e4\u00e4n. Esimerkiksi paikalliselta mets\u00e4nhoitoyhdistykselt\u00e4 saamamme suunnitelmat ja ehdotukset usein \u201dv\u00e4ltt\u00e4m\u00e4tt\u00f6min\u00e4\u201d n\u00e4ytt\u00e4ytyvist\u00e4 hoitotoimenpiteist\u00e4 kiinnittyv\u00e4t tietynlaisiin intresseihin ja ideologioihin sek\u00e4 totuttuihin ja kyseenalaistamattomiin k\u00e4yt\u00e4nt\u00f6ihin \u2013 maailmaan, jossa ihminen ja h\u00e4nen tarpeensa ovat etusijalla.<\/p>\n\n\n\n<p>Hoivan rajaaminen ihmisyhteis\u00f6ihin ei globaalin ekokatastrofin varjostamassa maailmassa kuitenkaan en\u00e4\u00e4 riit\u00e4, eik\u00e4 ihmisyytt\u00e4 voi tarkastella erillisen\u00e4 muista el\u00e4imist\u00e4 ja elollisista. Huolenpitomme t\u00e4ytyy ylitt\u00e4\u00e4 ihmisten luomien j\u00e4rjestelmien vet\u00e4m\u00e4t rajat ja kurottaa kohti toisenlaisia tietoisuuksia, \u00e4lyj\u00e4 ja sis\u00e4isi\u00e4 maailmoja. J\u00e4t\u00e4mme Hugonmaan suojelualueen perinn\u00f6ksi my\u00f6s heille, joilla ei ole \u00e4\u00e4nt\u00e4 p\u00e4\u00e4t\u00f6ksenteossa tai mahdollisuutta vaikuttaa kohtaloonsa.<\/p>\n\n\n\n<div style=\"height:15px\" aria-hidden=\"true\" class=\"wp-block-spacer\"><\/div>\n\n\n\n<p><em>Kirjoittaja FT Johanna Enqvist on Suomen Muinaismuistos\u00e4\u00e4ti\u00f6n varapuheenjohtaja ja museologian apulaisprofessori Jyv\u00e4skyl\u00e4n yliopistossa.<\/em><\/p>\n\n\n\n<div style=\"height:15px\" aria-hidden=\"true\" class=\"wp-block-spacer\"><\/div>\n\n\n\n<p><strong>Linkit ja lis\u00e4tiedot<\/strong><strong><\/strong><\/p>\n\n\n\n<p>Eskonen, H. 2024. Ylen tiedot: Vanhat mets\u00e4t aiotaan m\u00e4\u00e4ritell\u00e4 niin tiukasti, ett\u00e4 Etel\u00e4-Suomesta ei l\u00f6ydy suojeltavaa. Ylen verkkosivut &gt; Mets\u00e4t 13.5.2024:<a href=\"https:\/\/yle.fi\/a\/74-20087923\"> <\/a><a href=\"https:\/\/yle.fi\/a\/74-20087923\">https:\/\/yle.fi\/a\/74-20087923<\/a> Luettu 20.5.2025.<\/p>\n\n\n\n<p>Euroopan komission verkkosivut &gt; Biodiversity strategy for 2030: <a href=\"https:\/\/environment.ec.europa.eu\/strategy\/biodiversity-strategy-2030_en\">https:\/\/environment.ec.europa.eu\/strategy\/biodiversity-strategy-2030_en<\/a> Luettu 4.6.2025.<\/p>\n\n\n\n<p>Korhonen, Teppo 2019. Muinaismuistos\u00e4\u00e4ti\u00f6n ja Uraj\u00e4rven kartanon historia. Suomen Muinaismuistos\u00e4\u00e4ti\u00f6n verkkosivut:<a href=\"https:\/\/muinaismuistosaatio.fi\/historia\/\"> <\/a><a href=\"https:\/\/muinaismuistosaatio.fi\/historia\/\">https:\/\/muinaismuistosaatio.fi\/historia\/<\/a> Luettu 2.4.2025.<\/p>\n\n\n\n<p>Korkala, H. &amp; Loukasm\u00e4ki, A. 2024. Hukkajoen raakkutuhot ovat laajemmat kuin aiemmin on arvioitu. Ylen verkkosivut &gt; Ymp\u00e4rist\u00f6 26.8.2025:<a href=\"https:\/\/yle.fi\/a\/74-20107240\"> <\/a><a href=\"https:\/\/yle.fi\/a\/74-20107240\">https:\/\/yle.fi\/a\/74-20107240<\/a> Luettu 20.5.2025.<\/p>\n\n\n\n<p>Pilke, A. &amp; Eskonen, H. 2025. \u201dOrpon hallitus pett\u00e4\u00e4 suomalaiset\u201d \u2013 oppositio tyrm\u00e4\u00e4 p\u00e4\u00e4t\u00f6ksen vanhojen metsien suojelusta, n\u00e4in ministeri vastaa. Ylen verkkosivut &gt; Mets\u00e4t 20.3.2025:<a href=\"https:\/\/yle.fi\/a\/74-20150797\"> <\/a><a href=\"https:\/\/yle.fi\/a\/74-20150797\">https:\/\/yle.fi\/a\/74-20150797<\/a> Luettu 20.5.2025.<\/p>\n\n\n\n<p>Pyy, Sini 2025. Hukkajoen hiljaiset marttyyrit. Julkisen oikeuttamisen analyysi Hukkajoen raakkuihin liittyv\u00e4st\u00e4 julkisesta keskustelusta. Pro gradu -tutkielma: Politiikkatieteet, kansainv\u00e4liset suhteet, Lapin yliopisto.<a href=\"https:\/\/urn.fi\/URN:NBN:fi-fe2025050235191\"> <\/a><a href=\"https:\/\/urn.fi\/URN:NBN:fi-fe2025050235191\">https:\/\/urn.fi\/URN:NBN:fi-fe2025050235191<\/a><\/p>\n\n\n\n<p>Paremman Luonnon Puolesta -S\u00e4\u00e4ti\u00f6n (PLUPS) verkkosivut: <a href=\"https:\/\/www.plups.fi\/\">https:\/\/www.plups.fi\/<\/a> Luettu 4.6.2025.<\/p>\n\n\n\n<p>JYU.Wisdom -resurssiviisausyhteis\u00f6n verkkosivut: <a href=\"https:\/\/www.jyu.fi\/fi\/tutkimus\/wisdom\">https:\/\/www.jyu.fi\/fi\/tutkimus\/wisdom<\/a> Luettu 4.6.2025.<\/p>\n\n\n\n<p>Suomen Muinaismuistoyhdistyksen verkkosivut &gt; Yhdistyksen lyhyt historia:<a href=\"https:\/\/www.muinaismuistoyhdistys.fi\/index.php\/historia\/1870-2\/\"> <\/a><a href=\"https:\/\/www.muinaismuistoyhdistys.fi\/index.php\/historia\/1870-2\/\">https:\/\/www.muinaismuistoyhdistys.fi\/index.php\/historia\/1870-2\/<\/a> Luettu 2.4.2025.<\/p>\n\n\n\n<p>Syrj\u00e4nen, K., Korhonen, K.T., Punttila, P. &amp; Siitonen, J. 2024. Luonnontilaiset mets\u00e4t ja vanhat mets\u00e4t Suomessa. Euroopan komission ohjeet ja kansallinen tarkastelu. Suomen ymp\u00e4rist\u00f6keskuksen raportteja 2\/2024: <a href=\"http:\/\/urn.fi\/URN:ISBN:978-952-11-5642-7\">http:\/\/urn.fi\/URN:ISBN:978-952-11-5642-7<\/a><\/p>\n\n\n\n<p>Ymp\u00e4rist\u00f6ministeri\u00f6n verkkosivut &gt; Metso-metsiensuojeluohjelma:<a href=\"https:\/\/ym.fi\/metso-metsiensuojeluohjelma\"> <\/a><a href=\"https:\/\/ym.fi\/metso-metsiensuojeluohjelma\">https:\/\/ym.fi\/metso-metsiensuojeluohjelma<\/a> Luettu 14.5.2025.<\/p>\n","protected":false},"excerpt":{"rendered":"<p>Suomen Muinaismuistoyhdistyksen taustalla toimiva Suomen Muinaismuistos\u00e4\u00e4ti\u00f6 on perustanut omistamalleen mets\u00e4palstalle Asikkalan Uraj\u00e4rven pohjoisrannalle METSO-ohjelmaan kuuluvan Hugonmaan luonnonsuojelualueen. Ohjelma suojelee luonnonarvoiltaan monipuolisia ja eli\u00f6lajien elinymp\u00e4rist\u00f6in\u00e4 erityisen arvokkaita metsi\u00e4. T\u00e4ll\u00e4 konkreettisella teolla s\u00e4\u00e4ti\u00f6 haluaa muistuttaa, ett\u00e4 oikeus el\u00e4\u00e4 rauhassa ulottuu my\u00f6s ihmisyyden ulkopuolelle \u2013 niihin moninaisiin ja monilajisiin yhteis\u00f6ihin, jotka pit\u00e4v\u00e4t el\u00e4m\u00e4\u00e4 yll\u00e4. Uraj\u00e4rven maaseutukartanoa hallinneet naimattomat [&hellip;]<\/p>\n","protected":false},"author":3,"featured_media":0,"comment_status":"closed","ping_status":"open","sticky":false,"template":"","format":"standard","meta":[],"categories":[1],"tags":[76,70,71,72,73,77,74],"jetpack_featured_media_url":"","_links":{"self":[{"href":"https:\/\/www.muinaismuistoyhdistys.fi\/index.php\/wp-json\/wp\/v2\/posts\/1501"}],"collection":[{"href":"https:\/\/www.muinaismuistoyhdistys.fi\/index.php\/wp-json\/wp\/v2\/posts"}],"about":[{"href":"https:\/\/www.muinaismuistoyhdistys.fi\/index.php\/wp-json\/wp\/v2\/types\/post"}],"author":[{"embeddable":true,"href":"https:\/\/www.muinaismuistoyhdistys.fi\/index.php\/wp-json\/wp\/v2\/users\/3"}],"replies":[{"embeddable":true,"href":"https:\/\/www.muinaismuistoyhdistys.fi\/index.php\/wp-json\/wp\/v2\/comments?post=1501"}],"version-history":[{"count":4,"href":"https:\/\/www.muinaismuistoyhdistys.fi\/index.php\/wp-json\/wp\/v2\/posts\/1501\/revisions"}],"predecessor-version":[{"id":1509,"href":"https:\/\/www.muinaismuistoyhdistys.fi\/index.php\/wp-json\/wp\/v2\/posts\/1501\/revisions\/1509"}],"wp:attachment":[{"href":"https:\/\/www.muinaismuistoyhdistys.fi\/index.php\/wp-json\/wp\/v2\/media?parent=1501"}],"wp:term":[{"taxonomy":"category","embeddable":true,"href":"https:\/\/www.muinaismuistoyhdistys.fi\/index.php\/wp-json\/wp\/v2\/categories?post=1501"},{"taxonomy":"post_tag","embeddable":true,"href":"https:\/\/www.muinaismuistoyhdistys.fi\/index.php\/wp-json\/wp\/v2\/tags?post=1501"}],"curies":[{"name":"wp","href":"https:\/\/api.w.org\/{rel}","templated":true}]}}